{"id":609,"date":"2021-12-01T12:08:05","date_gmt":"2021-12-01T11:08:05","guid":{"rendered":"https:\/\/spd-sonsbeck.de\/?p=609"},"modified":"2021-12-01T12:08:05","modified_gmt":"2021-12-01T11:08:05","slug":"spd-sonsbeck-die-jusos-starten-durch","status":"publish","type":"post","link":"https:\/\/spd-sonsbeck.de\/?p=609","title":{"rendered":"SPD Sonsbeck: Die Jusos starten durch"},"content":{"rendered":"\n<p>Lange darauf gewartet, nun endlich geschafft &#8211; die offizielle Gr\u00fcndung der Juso AG in Sonsbeck!<\/p>\n\n\n\n<p>Seit fast zwei Jahren waren die Jusos in Sonsbeck in den Startl\u00f6chern, doch Corona verlangte den Jungsozialistinnen und -sozialisten jede Menge Geduld und Durchhalteverm\u00f6gen ab. Umso mehr freuten sich alle Mitglieder mit ihrem neugew\u00e4hlten Vorstand, dass es nun los geht und die politische Arbeit endlich m\u00f6glich wird.<\/p>\n\n\n\n<p>Unterst\u00fctzt wurden sie bei ihrer Gr\u00fcndung durch den frisch gew\u00e4hlten Bundestagskandidaten Rainer Keller, der direkt Neuigkeiten aus Berlin erz\u00e4hlen konnte und die Jusos in ihren Anliegen und Ideen best\u00e4rkte. Er selbst ist auch bereits als Juso aktiv in die Politik eingestiegen.<\/p>\n\n\n\n<p>Die Vorsitzende der SPD Sonsbeck, Nadine Bogedain, zeigte sich hocherfreut \u00fcber die gelungene Gr\u00fcndung: \u201eWir hatten schon l\u00e4nger die Idee der Juso-Gr\u00fcndung, um eben auch die jungen Menschen in Sonsbeck besser in die politische Arbeit einbinden zu k\u00f6nnen, die sich f\u00fcr soziale Politik vor Ort einsetzen m\u00f6chten. Mein Dank gilt hier neben den aktiven Jusos insbesondere dem Initiator Denis Beckovic. Er hat daf\u00fcr gesorgt, dass Kontakte gekn\u00fcpft wurden und auch w\u00e4hrend der Coronazeit, die Idee weiter vorangetrieben wurde. Wir sind sehr stolz, dass wir die Juso-AG nun tats\u00e4chlich ins Leben rufen konnten.\u201c<\/p>\n\n\n\n<p>Jedina Beckovic und Lukas Aengenendt, die beiden Vorsitzenden, planten direkt am Wahlabend die ersten Aktionen mit ihrem Vorstandsteam. Dazu geh\u00f6ren Naomi Plaschna, Theresa Tietz sowie Sebastian Zamzow. Anzupacken gibt es aus ihrer Sicht genug in Sonsbeck, sei es im \u00f6ffentlichen Personennahverkehr, Freizeitangebote oder politische Mitbestimmung \u2013 langweilig wird es sicher nicht!<\/p>\n\n\n\n<p>Du bist zwischen 14 und 35 Jahre alt, hast Lust dabei zu sein und als Juso aktiv zu werden? Dann melde Dich unter <a href=\"mailto:vorsitz@spd-sonsbeck.de\">vorsitz@spd-sonsbeck.de<\/a> oder sprich uns auch gern pers\u00f6nlich an!<\/p>\n\n\n\n<p>Weitere Infos findest Du auch bei Facebook oder Instagram.<\/p>\n","protected":false},"excerpt":{"rendered":"<p>Lange darauf gewartet, nun endlich geschafft &#8211; die offizielle Gr\u00fcndung der Juso AG in Sonsbeck! Seit fast zwei Jahren waren die Jusos in Sonsbeck in den Startl\u00f6chern, doch Corona verlangte &hellip; <a href=\"https:\/\/spd-sonsbeck.de\/?p=609\" class=\"more-link\"><span class=\"screen-reader-text\">SPD Sonsbeck: Die Jusos starten durch<\/span> weiterlesen<\/a><\/p>\n","protected":false},"author":6,"featured_media":606,"comment_status":"closed","ping_status":"closed","sticky":false,"template":"","format":"standard","meta":{"footnotes":""},"categories":[1],"tags":[39],"class_list":["post-609","post","type-post","status-publish","format-standard","has-post-thumbnail","hentry","category-ortsverein","tag-jusos"],"_links":{"self":[{"href":"https:\/\/spd-sonsbeck.de\/index.php?rest_route=\/wp\/v2\/posts\/609","targetHints":{"allow":["GET"]}}],"collection":[{"href":"https:\/\/spd-sonsbeck.de\/index.php?rest_route=\/wp\/v2\/posts"}],"about":[{"href":"https:\/\/spd-sonsbeck.de\/index.php?rest_route=\/wp\/v2\/types\/post"}],"author":[{"embeddable":true,"href":"https:\/\/spd-sonsbeck.de\/index.php?rest_route=\/wp\/v2\/users\/6"}],"replies":[{"embeddable":true,"href":"https:\/\/spd-sonsbeck.de\/index.php?rest_route=%2Fwp%2Fv2%2Fcomments&post=609"}],"version-history":[{"count":1,"href":"https:\/\/spd-sonsbeck.de\/index.php?rest_route=\/wp\/v2\/posts\/609\/revisions"}],"predecessor-version":[{"id":610,"href":"https:\/\/spd-sonsbeck.de\/index.php?rest_route=\/wp\/v2\/posts\/609\/revisions\/610"}],"wp:featuredmedia":[{"embeddable":true,"href":"https:\/\/spd-sonsbeck.de\/index.php?rest_route=\/wp\/v2\/media\/606"}],"wp:attachment":[{"href":"https:\/\/spd-sonsbeck.de\/index.php?rest_route=%2Fwp%2Fv2%2Fmedia&parent=609"}],"wp:term":[{"taxonomy":"category","embeddable":true,"href":"https:\/\/spd-sonsbeck.de\/index.php?rest_route=%2Fwp%2Fv2%2Fcategories&post=609"},{"taxonomy":"post_tag","embeddable":true,"href":"https:\/\/spd-sonsbeck.de\/index.php?rest_route=%2Fwp%2Fv2%2Ftags&post=609"}],"curies":[{"name":"wp","href":"https:\/\/api.w.org\/{rel}","templated":true}]}}